{"id":5724,"date":"2018-01-30T23:08:07","date_gmt":"2018-01-30T21:08:07","guid":{"rendered":"http:\/\/vogueetvoyage.com\/?p=5724"},"modified":"2018-05-22T12:06:18","modified_gmt":"2018-05-22T10:06:18","slug":"streetstyle-berlin","status":"publish","type":"post","link":"https:\/\/jeanyroge.com\/home\/home\/streetstyle-berlin\/","title":{"rendered":"Streetstyle Berlin"},"content":{"rendered":"<p><a href=\"https:\/\/i0.wp.com\/vogueetvoyage.com\/wp-content\/uploads\/2018\/01\/aFoto-16.01.18-11-35-43.jpg\"><img data-recalc-dims=\"1\" loading=\"lazy\" decoding=\"async\" width=\"1440\" height=\"2158\" data-attachment-id=\"5730\" data-permalink=\"https:\/\/jeanyroge.com\/home\/home\/streetstyle-berlin\/processed-with-vsco-with-a6-preset-294\/\" data-orig-file=\"https:\/\/i0.wp.com\/jeanyroge.com\/wp-content\/uploads\/2018\/01\/aFoto-16.01.18-11-35-43.jpg?fit=2830%2C4242&amp;ssl=1\" data-orig-size=\"2830,4242\" data-comments-opened=\"1\" data-image-meta=\"{&quot;aperture&quot;:&quot;3.2&quot;,&quot;credit&quot;:&quot;&quot;,&quot;camera&quot;:&quot;DMC-GH3&quot;,&quot;caption&quot;:&quot;Processed with VSCO with a6 preset&quot;,&quot;created_timestamp&quot;:&quot;1516102543&quot;,&quot;copyright&quot;:&quot;Copyright 2018. All rights reserved.&quot;,&quot;focal_length&quot;:&quot;25&quot;,&quot;iso&quot;:&quot;200&quot;,&quot;shutter_speed&quot;:&quot;0.0025&quot;,&quot;title&quot;:&quot;Processed with VSCO with a6 preset&quot;,&quot;orientation&quot;:&quot;1&quot;}\" data-image-title=\"Streetstyle Berlin &amp;#8211; Mercedes Benz Fashion Week on http:\/\/vogueetvoyage.com #MBFW #ootd #Berlin\" data-image-description=\"\" data-image-caption=\"\" data-medium-file=\"https:\/\/i0.wp.com\/jeanyroge.com\/wp-content\/uploads\/2018\/01\/aFoto-16.01.18-11-35-43.jpg?fit=300%2C450&amp;ssl=1\" data-large-file=\"https:\/\/i0.wp.com\/jeanyroge.com\/wp-content\/uploads\/2018\/01\/aFoto-16.01.18-11-35-43.jpg?fit=1440%2C2158&amp;ssl=1\" class=\"alignleft size-large wp-image-5730\" src=\"https:\/\/i0.wp.com\/vogueetvoyage.com\/wp-content\/uploads\/2018\/01\/aFoto-16.01.18-11-35-43-1440x2158.jpg?resize=1440%2C2158\" alt=\"Streetstyle Berlin - Mercedes Benz Fashion Week on http:\/\/vogueetvoyage.com #MBFW #ootd #Berlin\" srcset=\"https:\/\/i0.wp.com\/jeanyroge.com\/wp-content\/uploads\/2018\/01\/aFoto-16.01.18-11-35-43.jpg?resize=1440%2C2158&amp;ssl=1 1440w, https:\/\/i0.wp.com\/jeanyroge.com\/wp-content\/uploads\/2018\/01\/aFoto-16.01.18-11-35-43.jpg?resize=800%2C1199&amp;ssl=1 800w, https:\/\/i0.wp.com\/jeanyroge.com\/wp-content\/uploads\/2018\/01\/aFoto-16.01.18-11-35-43.jpg?resize=1600%2C2398&amp;ssl=1 1600w\" sizes=\"auto, (max-width: 1440px) 100vw, 1440px\" \/><\/a><\/p>\n<h2 style=\"text-align: center;\">Mercedes Benz Fashion Week<\/h2>\n<p style=\"text-align: justify;\"><strong>EN |<\/strong>\u00a0The Fashion Week in Berlin is over and so it&#8217;s finally time to show you my looks from Berlin. Let&#8217;s start with my first and also probably my favorite look, which you&#8217;ve all have seen already in my last post. I found the orange Jumper totally old school like in an H&amp;M catalog, felt in love with it and went directly to the next H&amp;M. It was literally like: searching, finding and buying or in other words love at first sign. I probably all know that I&#8217;m normally not the biggest fan of bright colors however the color orange mangend it quite good to sneak into my wardrobe more and more, it could be love. However the jumper is not even such an eye-catching piece because of its color but also because of the statement sleeves.<br \/>\nI combined the jumper with a simple and sporty pair of black trousers and my vinyl boots. Because it&#8217;s Fashion Week and also &#8218;cause I love a good print mix I tied a silk scarf with a comic print onto my Guess bag. How do you like this outfit?<br \/>\n<!--more-->I wish you all a wonderful evening. Lots of Love, Jeany.<\/p>\n<hr \/>\n<p style=\"text-align: justify;\"><span style=\"color: #808080;\"><strong>DE |\u00a0<\/strong>Die Fashion Week in Berlin ist vorbei und somit ist es auch an der Zeit euch meine Looks aus Berlin zu zeigen. Beginnen wir also mit dem Outfit, dass ihr schon im letzten Post zu Gesicht bekommen habt. Den orangen Pullover habe ich tats\u00e4chlich ganz Oldschool in einem H&amp;M Katalog entdeckt, mich direkt verliebt und beim n\u00e4chsten H&amp;M in der Stadt dann direkt gesucht, gefunden und gekauft. Man k\u00f6nnte auch sagen es war Liebe auf den ersten Blick. Ihr wisst ja sicherlich das ich eigentlich kein allzugro\u00dfer Fan von bunten Farben bin, aber die Farbe Orange schleicht sich so langsam immer mehr in meinen Kleiderschrank, es k\u00f6nnte tats\u00e4chlich Liebe sein. Dar\u00fcber hinaus ist der Pullover nat\u00fcrlich nicht nur durch seine Farbe sondern auch durch die \u00c4rmel ein absolutes Statement.<br \/>\nDen Pullover habe ich mit einer schlichten und sportlichen schwarzen Stoffhose und Vinyl Boots kombiniert. Da es ja Fashion Week war und ein guter Printmix nie schlecht ist habe ich an meine Guess Tasche noch ein Seidentuch mit Comicprint gebunden. Wie gef\u00e4llt euch mein Look?<br \/>\nHabt noch einen sch\u00f6nen Abend. Eure Jeany.<\/span><\/p>\n<p style=\"text-align: center;\">Shirt: <a href=\"http:\/\/www.hm.com\/de\/product\/92752?article=92752-A&amp;cm_vc=SEARCH\" target=\"_blank\" rel=\"nofollow noopener\">H&amp;M<\/a><br \/>\nBag: Guess<br \/>\nScarf: Codello<br \/>\nPants: <a href=\"https:\/\/www.zara.com\/de\/de\/hose-mit-seitlichem-streifen-p01608220.html?v1=5494311&amp;v2=719022\" target=\"_blank\" rel=\"nofollow noopener\">Zara<\/a><br \/>\n*Boots: Aldo (via <a href=\"http:\/\/td.oo34.net\/cl\/?aaid=jurm8ly8alo672a9&amp;ein=apq2mxzkhv85fr4n&amp;paid=8y3jcbbl04clem2y\" target=\"_blank\" rel=\"noopener\">Zalando<\/a>)<br \/>\n<script src=\"https:\/\/scripts.tracdelight.com\/tracdelight.js?accesskey=4ed9ed016d7bb055cc196987fbf8b301\" async=\"async\"><\/script><\/p>\n<div class=\"td-widget\" data-td-args=\"{'widget':'hjoxaczvgsw2u036'}\"><\/div>\n<p><a href=\"https:\/\/i0.wp.com\/vogueetvoyage.com\/wp-content\/uploads\/2018\/01\/Outfit.jpg\"><img data-recalc-dims=\"1\" loading=\"lazy\" decoding=\"async\" width=\"1440\" height=\"1018\" data-attachment-id=\"5727\" data-permalink=\"https:\/\/jeanyroge.com\/home\/home\/streetstyle-berlin\/outfit\/\" data-orig-file=\"https:\/\/i0.wp.com\/jeanyroge.com\/wp-content\/uploads\/2018\/01\/Outfit.jpg?fit=4961%2C3508&amp;ssl=1\" data-orig-size=\"4961,3508\" data-comments-opened=\"1\" data-image-meta=\"{&quot;aperture&quot;:&quot;0&quot;,&quot;credit&quot;:&quot;&quot;,&quot;camera&quot;:&quot;&quot;,&quot;caption&quot;:&quot;&quot;,&quot;created_timestamp&quot;:&quot;0&quot;,&quot;copyright&quot;:&quot;&quot;,&quot;focal_length&quot;:&quot;0&quot;,&quot;iso&quot;:&quot;0&quot;,&quot;shutter_speed&quot;:&quot;0&quot;,&quot;title&quot;:&quot;&quot;,&quot;orientation&quot;:&quot;1&quot;}\" data-image-title=\"Streetstyle Berlin &amp;#8211; Mercedes Benz Fashion Week on http:\/\/vogueetvoyage.com #MBFW #ootd #Berlin\" data-image-description=\"\" data-image-caption=\"\" data-medium-file=\"https:\/\/i0.wp.com\/jeanyroge.com\/wp-content\/uploads\/2018\/01\/Outfit.jpg?fit=300%2C212&amp;ssl=1\" data-large-file=\"https:\/\/i0.wp.com\/jeanyroge.com\/wp-content\/uploads\/2018\/01\/Outfit.jpg?fit=1440%2C1018&amp;ssl=1\" class=\"alignleft size-large wp-image-5727\" src=\"https:\/\/i0.wp.com\/vogueetvoyage.com\/wp-content\/uploads\/2018\/01\/Outfit-1440x1018.jpg?resize=1440%2C1018\" alt=\"Streetstyle Berlin - Mercedes Benz Fashion Week on http:\/\/vogueetvoyage.com #MBFW #ootd #Berlin\" srcset=\"https:\/\/i0.wp.com\/jeanyroge.com\/wp-content\/uploads\/2018\/01\/Outfit.jpg?resize=1440%2C1018&amp;ssl=1 1440w, https:\/\/i0.wp.com\/jeanyroge.com\/wp-content\/uploads\/2018\/01\/Outfit.jpg?resize=800%2C566&amp;ssl=1 800w, https:\/\/i0.wp.com\/jeanyroge.com\/wp-content\/uploads\/2018\/01\/Outfit.jpg?resize=1600%2C1131&amp;ssl=1 1600w, https:\/\/i0.wp.com\/jeanyroge.com\/wp-content\/uploads\/2018\/01\/Outfit.jpg?w=2880&amp;ssl=1 2880w, https:\/\/i0.wp.com\/jeanyroge.com\/wp-content\/uploads\/2018\/01\/Outfit.jpg?w=4320&amp;ssl=1 4320w\" sizes=\"auto, (max-width: 1440px) 100vw, 1440px\" \/><\/a><a href=\"https:\/\/i0.wp.com\/vogueetvoyage.com\/wp-content\/uploads\/2018\/01\/Outfit-Details-MBFWB.jpg\"><img data-recalc-dims=\"1\" loading=\"lazy\" decoding=\"async\" width=\"1440\" height=\"1018\" data-attachment-id=\"5728\" data-permalink=\"https:\/\/jeanyroge.com\/home\/home\/streetstyle-berlin\/outfit-details-mbfwb\/\" data-orig-file=\"https:\/\/i0.wp.com\/jeanyroge.com\/wp-content\/uploads\/2018\/01\/Outfit-Details-MBFWB.jpg?fit=4961%2C3508&amp;ssl=1\" data-orig-size=\"4961,3508\" data-comments-opened=\"1\" data-image-meta=\"{&quot;aperture&quot;:&quot;0&quot;,&quot;credit&quot;:&quot;&quot;,&quot;camera&quot;:&quot;&quot;,&quot;caption&quot;:&quot;&quot;,&quot;created_timestamp&quot;:&quot;0&quot;,&quot;copyright&quot;:&quot;&quot;,&quot;focal_length&quot;:&quot;0&quot;,&quot;iso&quot;:&quot;0&quot;,&quot;shutter_speed&quot;:&quot;0&quot;,&quot;title&quot;:&quot;&quot;,&quot;orientation&quot;:&quot;1&quot;}\" data-image-title=\"Streetstyle Berlin &amp;#8211; Mercedes Benz Fashion Week on http:\/\/vogueetvoyage.com #MBFW #ootd #Berlin\" data-image-description=\"\" data-image-caption=\"\" data-medium-file=\"https:\/\/i0.wp.com\/jeanyroge.com\/wp-content\/uploads\/2018\/01\/Outfit-Details-MBFWB.jpg?fit=300%2C212&amp;ssl=1\" data-large-file=\"https:\/\/i0.wp.com\/jeanyroge.com\/wp-content\/uploads\/2018\/01\/Outfit-Details-MBFWB.jpg?fit=1440%2C1018&amp;ssl=1\" class=\"alignleft size-large wp-image-5728\" src=\"https:\/\/i0.wp.com\/vogueetvoyage.com\/wp-content\/uploads\/2018\/01\/Outfit-Details-MBFWB-1440x1018.jpg?resize=1440%2C1018\" alt=\"Streetstyle Berlin - Mercedes Benz Fashion Week on http:\/\/vogueetvoyage.com #MBFW #ootd #Berlin\" srcset=\"https:\/\/i0.wp.com\/jeanyroge.com\/wp-content\/uploads\/2018\/01\/Outfit-Details-MBFWB.jpg?resize=1440%2C1018&amp;ssl=1 1440w, https:\/\/i0.wp.com\/jeanyroge.com\/wp-content\/uploads\/2018\/01\/Outfit-Details-MBFWB.jpg?resize=800%2C566&amp;ssl=1 800w, https:\/\/i0.wp.com\/jeanyroge.com\/wp-content\/uploads\/2018\/01\/Outfit-Details-MBFWB.jpg?resize=1600%2C1131&amp;ssl=1 1600w, https:\/\/i0.wp.com\/jeanyroge.com\/wp-content\/uploads\/2018\/01\/Outfit-Details-MBFWB.jpg?w=2880&amp;ssl=1 2880w, https:\/\/i0.wp.com\/jeanyroge.com\/wp-content\/uploads\/2018\/01\/Outfit-Details-MBFWB.jpg?w=4320&amp;ssl=1 4320w\" sizes=\"auto, (max-width: 1440px) 100vw, 1440px\" \/><\/a><br \/>\n<a href=\"https:\/\/i0.wp.com\/vogueetvoyage.com\/wp-content\/uploads\/2018\/01\/Outfit-MBFWB.jpg\"><img data-recalc-dims=\"1\" loading=\"lazy\" decoding=\"async\" width=\"1440\" height=\"1018\" data-attachment-id=\"5732\" data-permalink=\"https:\/\/jeanyroge.com\/home\/home\/streetstyle-berlin\/outfit-mbfwb\/\" data-orig-file=\"https:\/\/i0.wp.com\/jeanyroge.com\/wp-content\/uploads\/2018\/01\/Outfit-MBFWB.jpg?fit=4961%2C3508&amp;ssl=1\" data-orig-size=\"4961,3508\" data-comments-opened=\"1\" data-image-meta=\"{&quot;aperture&quot;:&quot;0&quot;,&quot;credit&quot;:&quot;&quot;,&quot;camera&quot;:&quot;&quot;,&quot;caption&quot;:&quot;&quot;,&quot;created_timestamp&quot;:&quot;0&quot;,&quot;copyright&quot;:&quot;&quot;,&quot;focal_length&quot;:&quot;0&quot;,&quot;iso&quot;:&quot;0&quot;,&quot;shutter_speed&quot;:&quot;0&quot;,&quot;title&quot;:&quot;&quot;,&quot;orientation&quot;:&quot;1&quot;}\" data-image-title=\"Streetstyle Berlin &amp;#8211; Mercedes Benz Fashion Week on http:\/\/vogueetvoyage.com #MBFW #ootd #Berlin\" data-image-description=\"\" data-image-caption=\"\" data-medium-file=\"https:\/\/i0.wp.com\/jeanyroge.com\/wp-content\/uploads\/2018\/01\/Outfit-MBFWB.jpg?fit=300%2C212&amp;ssl=1\" data-large-file=\"https:\/\/i0.wp.com\/jeanyroge.com\/wp-content\/uploads\/2018\/01\/Outfit-MBFWB.jpg?fit=1440%2C1018&amp;ssl=1\" class=\"alignleft size-large wp-image-5732\" src=\"https:\/\/i0.wp.com\/vogueetvoyage.com\/wp-content\/uploads\/2018\/01\/Outfit-MBFWB-1440x1018.jpg?resize=1440%2C1018\" alt=\"Streetstyle Berlin - Mercedes Benz Fashion Week on http:\/\/vogueetvoyage.com #MBFW #ootd #Berlin\" srcset=\"https:\/\/i0.wp.com\/jeanyroge.com\/wp-content\/uploads\/2018\/01\/Outfit-MBFWB.jpg?resize=1440%2C1018&amp;ssl=1 1440w, https:\/\/i0.wp.com\/jeanyroge.com\/wp-content\/uploads\/2018\/01\/Outfit-MBFWB.jpg?resize=800%2C566&amp;ssl=1 800w, https:\/\/i0.wp.com\/jeanyroge.com\/wp-content\/uploads\/2018\/01\/Outfit-MBFWB.jpg?resize=1600%2C1131&amp;ssl=1 1600w, https:\/\/i0.wp.com\/jeanyroge.com\/wp-content\/uploads\/2018\/01\/Outfit-MBFWB.jpg?w=2880&amp;ssl=1 2880w, https:\/\/i0.wp.com\/jeanyroge.com\/wp-content\/uploads\/2018\/01\/Outfit-MBFWB.jpg?w=4320&amp;ssl=1 4320w\" sizes=\"auto, (max-width: 1440px) 100vw, 1440px\" \/><\/a><\/p>\n<p style=\"text-align: justify;\"><strong>You can also follow me on <a href=\"https:\/\/www.bloglovin.com\/blogs\/vogue-et-voyage-12413729\" target=\"_blank\" rel=\"noopener\">Bloglovin<\/a>, <a href=\"www.facebook.com\/vogueetvoyage\">Facebook<\/a> or <a href=\"https:\/\/instagram.com\/vogueetvoyage\/\" target=\"_blank\" rel=\"noopener\">Instagram<\/a> to stay updated.\u00a0<\/strong><br \/>\nThis post contains affiliate links, if you want to read more about it you can check out <a href=\"http:\/\/vogueetvoyage.com\/disclaimer\/\" target=\"_blank\" rel=\"nofollow noopener\">my disclaimer<\/a>.<\/p>\n","protected":false},"excerpt":{"rendered":"<p>Mercedes Benz Fashion Week EN |\u00a0The Fashion Week in Berlin is over and so it&#8217;s finally time to show you my looks from Berlin. Let&#8217;s start with my first and also probably my favorite look, which you&#8217;ve all have seen already in my last post. I found the orange Jumper totally old school like in an H&amp;M catalog, felt in love with it and went directly to the next H&amp;M. It was literally like: searching, finding and buying or in other words love at first sign. I probably all know that I&#8217;m normally not the biggest fan of bright colors however the color orange mangend it quite good to sneak into my wardrobe more and more, it could be love. However the jumper is not even such an eye-catching piece because of its color but also because of the statement sleeves. I combined the jumper with a simple and sporty&hellip;<\/p>\n","protected":false},"author":1,"featured_media":0,"comment_status":"open","ping_status":"closed","sticky":false,"template":"","format":"standard","meta":{"jetpack_post_was_ever_published":false,"_jetpack_newsletter_access":"","_jetpack_dont_email_post_to_subs":false,"_jetpack_newsletter_tier_id":0,"_jetpack_memberships_contains_paywalled_content":false,"_jetpack_memberships_contains_paid_content":false,"footnotes":"","jetpack_publicize_message":"Streetstyle Berlin","jetpack_publicize_feature_enabled":true,"jetpack_social_post_already_shared":true,"jetpack_social_options":{"image_generator_settings":{"template":"highway","default_image_id":0,"font":"","enabled":false},"version":2}},"categories":[3737,2710,580429],"tags":[],"class_list":["post-5724","post","type-post","status-publish","format-standard","hentry","category-fashion","category-home","category-personal-style"],"jetpack_publicize_connections":[],"jetpack_featured_media_url":"","jetpack_likes_enabled":false,"jetpack_shortlink":"https:\/\/wp.me\/p6ZWvA-1uk","jetpack_sharing_enabled":true,"_links":{"self":[{"href":"https:\/\/jeanyroge.com\/home\/home\/wp-json\/wp\/v2\/posts\/5724","targetHints":{"allow":["GET"]}}],"collection":[{"href":"https:\/\/jeanyroge.com\/home\/home\/wp-json\/wp\/v2\/posts"}],"about":[{"href":"https:\/\/jeanyroge.com\/home\/home\/wp-json\/wp\/v2\/types\/post"}],"author":[{"embeddable":true,"href":"https:\/\/jeanyroge.com\/home\/home\/wp-json\/wp\/v2\/users\/1"}],"replies":[{"embeddable":true,"href":"https:\/\/jeanyroge.com\/home\/home\/wp-json\/wp\/v2\/comments?post=5724"}],"version-history":[{"count":14,"href":"https:\/\/jeanyroge.com\/home\/home\/wp-json\/wp\/v2\/posts\/5724\/revisions"}],"predecessor-version":[{"id":6123,"href":"https:\/\/jeanyroge.com\/home\/home\/wp-json\/wp\/v2\/posts\/5724\/revisions\/6123"}],"wp:attachment":[{"href":"https:\/\/jeanyroge.com\/home\/home\/wp-json\/wp\/v2\/media?parent=5724"}],"wp:term":[{"taxonomy":"category","embeddable":true,"href":"https:\/\/jeanyroge.com\/home\/home\/wp-json\/wp\/v2\/categories?post=5724"},{"taxonomy":"post_tag","embeddable":true,"href":"https:\/\/jeanyroge.com\/home\/home\/wp-json\/wp\/v2\/tags?post=5724"}],"curies":[{"name":"wp","href":"https:\/\/api.w.org\/{rel}","templated":true}]}}